{"id":309,"date":"2023-02-01T18:00:32","date_gmt":"2023-02-01T17:00:32","guid":{"rendered":"https:\/\/avadawebsites.wpengine.com\/church\/?p=309"},"modified":"2025-01-19T09:58:50","modified_gmt":"2025-01-19T08:58:50","slug":"tribute-paid-to-the-victims-of-devastating-recent-earthquake","status":"publish","type":"post","link":"https:\/\/www.freundeskreis-saynerhuette.de\/?p=309","title":{"rendered":"20 Jahre Freundeskreis Sayner H\u00fctte"},"content":{"rendered":"<div class=\"fusion-fullwidth fullwidth-box fusion-builder-row-1 fusion-flex-container nonhundred-percent-fullwidth non-hundred-percent-height-scrolling\" style=\"--awb-border-radius-top-left:0px;--awb-border-radius-top-right:0px;--awb-border-radius-bottom-right:0px;--awb-border-radius-bottom-left:0px;--awb-flex-wrap:wrap;\"><div class=\"fusion-builder-row fusion-row fusion-flex-align-items-flex-start fusion-flex-justify-content-center fusion-flex-content-wrap\" style=\"max-width:calc( 1280px + 0px );margin-left: calc(-0px \/ 2 );margin-right: calc(-0px \/ 2 );\"><div class=\"fusion-layout-column fusion_builder_column fusion-builder-column-0 fusion_builder_column_1_1 1_1 fusion-flex-column\" style=\"--awb-bg-blend:overlay;--awb-bg-size:cover;--awb-width-large:100%;--awb-margin-top-large:0px;--awb-spacing-right-large:0px;--awb-margin-bottom-large:0px;--awb-spacing-left-large:0px;--awb-width-medium:75%;--awb-spacing-right-medium:0px;--awb-spacing-left-medium:0px;--awb-width-small:83.333333333333%;--awb-spacing-right-small:0px;--awb-spacing-left-small:0px;\"><div class=\"fusion-column-wrapper fusion-flex-justify-content-flex-start fusion-content-layout-column\"><div class=\"fusion-title title fusion-title-1 fusion-title-center fusion-title-text fusion-title-size-two\" style=\"--awb-margin-top-small:0px;--awb-margin-right-small:0px;--awb-margin-bottom-small:20px;--awb-margin-left-small:0px;\"><div class=\"title-sep-container title-sep-container-left\"><div class=\"title-sep sep- sep-solid\" style=\"border-color:var(--awb-color3);\"><\/div><\/div><span class=\"awb-title-spacer\"><\/span><h2 class=\"fusion-title-heading title-heading-center fusion-responsive-typography-calculated\" style=\"margin:0;--fontSize:35;line-height:var(--awb-typography1-line-height);\">20 Jahre Freundeskreis Sayner H\u00fctte<\/h2><span class=\"awb-title-spacer\"><\/span><div class=\"title-sep-container title-sep-container-right\"><div class=\"title-sep sep- sep-solid\" style=\"border-color:var(--awb-color3);\"><\/div><\/div><\/div><div class=\"fusion-title title fusion-title-2 fusion-title-center fusion-title-text fusion-title-size-three\" style=\"--awb-margin-top-small:0px;--awb-margin-right-small:0px;--awb-margin-bottom-small:20px;--awb-margin-left-small:0px;\"><div class=\"title-sep-container title-sep-container-left\"><div class=\"title-sep sep- sep-solid\" style=\"border-color:var(--awb-color3);\"><\/div><\/div><span class=\"awb-title-spacer\"><\/span><h3 class=\"fusion-title-heading title-heading-center fusion-responsive-typography-calculated\" style=\"margin:0;--fontSize:26;line-height:var(--awb-typography1-line-height);\">Festakt am 4. April 2023 mit R\u00fcckblick und Ausblick.<\/h3><span class=\"awb-title-spacer\"><\/span><div class=\"title-sep-container title-sep-container-right\"><div class=\"title-sep sep- sep-solid\" style=\"border-color:var(--awb-color3);\"><\/div><\/div><\/div><div class=\"fusion-text fusion-text-1\" style=\"--awb-content-alignment:left;\"><p>Bendorf-Sayn. Am 4. April 2023 ist es 20 Jahre her, dass 41 Gr\u00fcn\u00addungs\u00admit\u00adglie\u00adder sich zum \u201eFreun\u00addes\u00adkreis Sayner H\u00fctte\u201c zusam\u00admen\u00adge\u00adschlos\u00adsen haben und damit den Grund\u00adstein f\u00fcr den Erhalt und die weitere Entwick\u00adlung des Denk\u00admal\u00adare\u00adals Sayner H\u00fctte gelegt haben.<\/p>\n<p>Im Rahmen eines Fest\u00adak\u00adtes in der Krupp\u2019schen Halle m\u00f6chte der Freun\u00addes\u00adkreis am Diens\u00adtag, 4. April, ab 18 Uhr auf das Erreichte der zwan\u00adzig Jahre zur\u00fcck\u00adschauen, einen Blick in die Zukunft wagen, aber auch darstel\u00adlen, was der Verein mit ehren\u00adamt\u00adli\u00adchem Enga\u00adge\u00adment errei\u00adchen konnte. Dabei wird der jetzige Vorstand insbe\u00adson\u00addere den Vereins\u00advor\u00adsit\u00adzen\u00adden der ersten Stunde, den Gr\u00fcn\u00addungs\u00admit\u00adglie\u00addern und weite\u00adren verdien\u00adten Mitglie\u00addern seine Aner\u00adken\u00adnung ausspre\u00adchen und ein herz\u00adli\u00adches \u201eDanke\u00adsch\u00f6n\u201c sagen.<\/p>\n<p>Ein Gru\u00df\u00adwort f\u00fcr die Veran\u00adstal\u00adtung kommt u. a. von der Vorsit\u00adzen\u00adden des Aufsichts\u00adra\u00adtes der Stif\u00adtung Sayner H\u00fctte Staats\u00adse\u00adkre\u00adt\u00e4\u00adrin Simone Schnei\u00adder.<\/p>\n<p>Als Fest\u00adred\u00adner f\u00fcr die Veran\u00adstal\u00adtung konnte Herr Profes\u00adsor Dr. Mein\u00adrad Maria Grewe\u00adnig gewon\u00adnen werden, der in seinem Vortrag sowohl auf die Entste\u00adhung als auch auf die zuk\u00fcnf\u00adtige Entwick\u00adlung der Sayner H\u00fctte eingeht. Hier steht eine entschei\u00addende Phase bevor: Da die St\u00e4d\u00adte\u00adbau\u00adf\u00f6r\u00adde\u00adrung f\u00fcr Sanie\u00adrun\u00adgen auf dem Denk\u00admal\u00adareal mit dem Abschluss des n\u00e4chs\u00adten gro\u00dfen Bauab\u00adschnitts ausl\u00e4uft, gilt es, sich f\u00fcr eine weitere F\u00f6rde\u00adrung von Bauma\u00df\u00adnah\u00admen einzu\u00adset\u00adzen und neue Konzepte f\u00fcr die Zukunft des Denk\u00admal\u00adare\u00adals zu entwi\u00adckeln. Hier kommt dem Freun\u00addes\u00adkreis aufgrund seiner Rolle als B\u00fcrger\u00adbe\u00adwe\u00adgung eine wich\u00adtige Funk\u00adtion zu.<\/p>\n<p>Alle Inter\u00ades\u00adsier\u00adten sind herz\u00adlich einge\u00adla\u00adden, an dem Fest\u00adakt teil\u00adzu\u00adneh\u00admen.<\/p>\n<\/div><\/div><\/div><\/div><\/div>\n","protected":false},"excerpt":{"rendered":"<p>Der Freun\u00addes\u00adkreis Sayner H\u00fctte hat in seiner 20-j\u00e4hri\u00adgen Geschichte dazu beigetra\u00adgen, das Indus\u00adtrie\u00addenk\u00admal f\u00fcr Inter\u00ades\u00adsierte erleb\u00adbar zu machen.<\/p>\n","protected":false},"author":1,"featured_media":2207,"comment_status":"open","ping_status":"open","sticky":false,"template":"","format":"standard","meta":{"wp_typography_post_enhancements_disabled":false,"footnotes":""},"categories":[3,38],"tags":[],"class_list":["post-309","post","type-post","status-publish","format-standard","has-post-thumbnail","hentry","category-events","category-verein"],"_links":{"self":[{"href":"https:\/\/www.freundeskreis-saynerhuette.de\/index.php?rest_route=\/wp\/v2\/posts\/309","targetHints":{"allow":["GET"]}}],"collection":[{"href":"https:\/\/www.freundeskreis-saynerhuette.de\/index.php?rest_route=\/wp\/v2\/posts"}],"about":[{"href":"https:\/\/www.freundeskreis-saynerhuette.de\/index.php?rest_route=\/wp\/v2\/types\/post"}],"author":[{"embeddable":true,"href":"https:\/\/www.freundeskreis-saynerhuette.de\/index.php?rest_route=\/wp\/v2\/users\/1"}],"replies":[{"embeddable":true,"href":"https:\/\/www.freundeskreis-saynerhuette.de\/index.php?rest_route=%2Fwp%2Fv2%2Fcomments&post=309"}],"version-history":[{"count":3,"href":"https:\/\/www.freundeskreis-saynerhuette.de\/index.php?rest_route=\/wp\/v2\/posts\/309\/revisions"}],"predecessor-version":[{"id":2209,"href":"https:\/\/www.freundeskreis-saynerhuette.de\/index.php?rest_route=\/wp\/v2\/posts\/309\/revisions\/2209"}],"wp:featuredmedia":[{"embeddable":true,"href":"https:\/\/www.freundeskreis-saynerhuette.de\/index.php?rest_route=\/wp\/v2\/media\/2207"}],"wp:attachment":[{"href":"https:\/\/www.freundeskreis-saynerhuette.de\/index.php?rest_route=%2Fwp%2Fv2%2Fmedia&parent=309"}],"wp:term":[{"taxonomy":"category","embeddable":true,"href":"https:\/\/www.freundeskreis-saynerhuette.de\/index.php?rest_route=%2Fwp%2Fv2%2Fcategories&post=309"},{"taxonomy":"post_tag","embeddable":true,"href":"https:\/\/www.freundeskreis-saynerhuette.de\/index.php?rest_route=%2Fwp%2Fv2%2Ftags&post=309"}],"curies":[{"name":"wp","href":"https:\/\/api.w.org\/{rel}","templated":true}]}}